{"id":3116,"date":"2019-09-18T08:21:56","date_gmt":"2019-09-18T07:21:56","guid":{"rendered":"https:\/\/parkster.de\/?p=3116"},"modified":"2019-09-18T08:21:56","modified_gmt":"2019-09-18T07:21:56","slug":"parkster-goes-kammermusik-again","status":"publish","type":"post","link":"https:\/\/rechtschreipunk.de\/?p=3116","title":{"rendered":"Parkster goes Kammermusik&#8230; again"},"content":{"rendered":"<p><img loading=\"lazy\" decoding=\"async\" class=\"alignleft size-medium wp-image-3117\" src=\"https:\/\/parkster.de\/wp-content\/uploads\/2019\/09\/instruments-1455975_960_720-300x199.jpg\" alt=\"\" width=\"300\" height=\"199\" srcset=\"https:\/\/rechtschreipunk.de\/wp-content\/uploads\/2019\/09\/instruments-1455975_960_720-300x199.jpg 300w, https:\/\/rechtschreipunk.de\/wp-content\/uploads\/2019\/09\/instruments-1455975_960_720-768x510.jpg 768w, https:\/\/rechtschreipunk.de\/wp-content\/uploads\/2019\/09\/instruments-1455975_960_720-100x66.jpg 100w, https:\/\/rechtschreipunk.de\/wp-content\/uploads\/2019\/09\/instruments-1455975_960_720-150x100.jpg 150w, https:\/\/rechtschreipunk.de\/wp-content\/uploads\/2019\/09\/instruments-1455975_960_720-200x133.jpg 200w, https:\/\/rechtschreipunk.de\/wp-content\/uploads\/2019\/09\/instruments-1455975_960_720-450x299.jpg 450w, https:\/\/rechtschreipunk.de\/wp-content\/uploads\/2019\/09\/instruments-1455975_960_720-600x399.jpg 600w, https:\/\/rechtschreipunk.de\/wp-content\/uploads\/2019\/09\/instruments-1455975_960_720-900x598.jpg 900w, https:\/\/rechtschreipunk.de\/wp-content\/uploads\/2019\/09\/instruments-1455975_960_720.jpg 960w\" sizes=\"auto, (max-width: 300px) 100vw, 300px\" \/><\/p>\n<p align=\"justify\"><strong>Ich hatte es schon einmal erw\u00e4hnt und kann es nur nochmal bekr\u00e4ftigen: ich freue mich sehr im kommenden Jahr wieder bei Klanggrenzen mitmachen zu d\u00fcrfen, dem Kammermusik Festival in Coburg.<\/strong><\/p>\n<p align=\"justify\">Bereits 2018 hatte ich die Ehre dort im Rahmen der Abschlussveranstaltung mit Texte zum Abend beitragen zu d\u00fcrfen und als Musikfreund, der eh Spa\u00df an klassischer Musik hat, war das ein ganz einzigartiges Erlebnis. Jedenfalls bis Juni 2020, denn dann wird es ein zweimaliges Erlebnis.<\/p>\n<p align=\"justify\">Dann geht es in die n\u00e4chste Runde und ich darf bei Kinderkonzerten und einem &#8222;gro\u00dfen&#8220; Konzert wieder zeigen, dass Wort und Musik sehr gut miteinander harmonieren k\u00f6nnen. Die Vorbereitung darauf beginnt demn\u00e4chst, weil solche Acts immer etwas mehr Aufwand bedeuten. Doch Blut, Schwei\u00df und Tr\u00e4nen der Vorbereitung lohnen sich am Ende des Tages immer, daher &#8211; auf zur Klassik!<\/p>\n<p align=\"justify\"><strong>Es lohnt sich!<\/strong><\/p>\n","protected":false},"excerpt":{"rendered":"<p>Ich hatte es schon einmal erw\u00e4hnt und kann es nur nochmal bekr\u00e4ftigen: ich freue mich sehr im kommenden Jahr wieder bei Klanggrenzen mitmachen zu d\u00fcrfen, dem Kammermusik Festival in Coburg. Bereits 2018 hatte ich die Ehre dort im Rahmen der &hellip;<\/p>\n<p class=\"read-more\"> <a class=\"more-link\" href=\"https:\/\/rechtschreipunk.de\/?p=3116\"> <span class=\"screen-reader-text\">Parkster goes Kammermusik&#8230; again<\/span> Weiterlesen &raquo;<\/a><\/p>\n","protected":false},"author":1,"featured_media":0,"comment_status":"closed","ping_status":"closed","sticky":false,"template":"","format":"standard","meta":{"footnotes":""},"categories":[1],"tags":[55,58,52,51,56],"class_list":["post-3116","post","type-post","status-publish","format-standard","hentry","category-allgemein","tag-literatur","tag-lyrik","tag-parkster","tag-peter-parkster","tag-poesie"],"_links":{"self":[{"href":"https:\/\/rechtschreipunk.de\/index.php?rest_route=\/wp\/v2\/posts\/3116","targetHints":{"allow":["GET"]}}],"collection":[{"href":"https:\/\/rechtschreipunk.de\/index.php?rest_route=\/wp\/v2\/posts"}],"about":[{"href":"https:\/\/rechtschreipunk.de\/index.php?rest_route=\/wp\/v2\/types\/post"}],"author":[{"embeddable":true,"href":"https:\/\/rechtschreipunk.de\/index.php?rest_route=\/wp\/v2\/users\/1"}],"replies":[{"embeddable":true,"href":"https:\/\/rechtschreipunk.de\/index.php?rest_route=%2Fwp%2Fv2%2Fcomments&post=3116"}],"version-history":[{"count":1,"href":"https:\/\/rechtschreipunk.de\/index.php?rest_route=\/wp\/v2\/posts\/3116\/revisions"}],"predecessor-version":[{"id":3118,"href":"https:\/\/rechtschreipunk.de\/index.php?rest_route=\/wp\/v2\/posts\/3116\/revisions\/3118"}],"wp:attachment":[{"href":"https:\/\/rechtschreipunk.de\/index.php?rest_route=%2Fwp%2Fv2%2Fmedia&parent=3116"}],"wp:term":[{"taxonomy":"category","embeddable":true,"href":"https:\/\/rechtschreipunk.de\/index.php?rest_route=%2Fwp%2Fv2%2Fcategories&post=3116"},{"taxonomy":"post_tag","embeddable":true,"href":"https:\/\/rechtschreipunk.de\/index.php?rest_route=%2Fwp%2Fv2%2Ftags&post=3116"}],"curies":[{"name":"wp","href":"https:\/\/api.w.org\/{rel}","templated":true}]}}