{"id":3075,"date":"2019-04-10T09:42:22","date_gmt":"2019-04-10T08:42:22","guid":{"rendered":"https:\/\/parkster.de\/?p=3075"},"modified":"2019-04-10T09:42:22","modified_gmt":"2019-04-10T08:42:22","slug":"once-again-it-is-soweit","status":"publish","type":"post","link":"https:\/\/rechtschreipunk.de\/?p=3075","title":{"rendered":"Once again it is soweit!"},"content":{"rendered":"<p><img loading=\"lazy\" decoding=\"async\" class=\"alignleft size-medium wp-image-2951\" src=\"https:\/\/parkster.de\/wp-content\/uploads\/2019\/02\/Tretboot-300x197.png\" alt=\"\" width=\"300\" height=\"197\" srcset=\"https:\/\/rechtschreipunk.de\/wp-content\/uploads\/2019\/02\/Tretboot-300x197.png 300w, https:\/\/rechtschreipunk.de\/wp-content\/uploads\/2019\/02\/Tretboot-100x66.png 100w, https:\/\/rechtschreipunk.de\/wp-content\/uploads\/2019\/02\/Tretboot-150x98.png 150w, https:\/\/rechtschreipunk.de\/wp-content\/uploads\/2019\/02\/Tretboot-200x131.png 200w, https:\/\/rechtschreipunk.de\/wp-content\/uploads\/2019\/02\/Tretboot-450x295.png 450w, https:\/\/rechtschreipunk.de\/wp-content\/uploads\/2019\/02\/Tretboot.png 502w\" sizes=\"auto, (max-width: 300px) 100vw, 300px\" \/><\/p>\n<p align=\"justify\"><strong>Heute Abend ist wieder Aufzeichnung von El Magos Tretboot im Bruderherz in N\u00fcrnberg. Auf diese Show freue ich mich besonders und das liegt nicht nur daran, dass das Publikum bisher immer gro\u00dfartig mitgefeiert hat, sondern auch an den G\u00e4sten des heutigen Abends.<\/strong><\/p>\n<p align=\"justify\">Wenn euch vor der Show heute Abend nochmal ein Bild der vergangenen Aufzeichnungen machen wollt, dann schaut einfach <a href=\"https:\/\/parkster.de\/?page_id=2950\" target=\"_blank\" rel=\"noopener noreferrer\">hier<\/a> vorbei.<\/p>\n<p align=\"justify\">Und ansonsten bleibt mir nichts zu sagen, als &#8222;Bis heute Abend, im Bruderherz.&#8220;<\/p>\n","protected":false},"excerpt":{"rendered":"<p>Heute Abend ist wieder Aufzeichnung von El Magos Tretboot im Bruderherz in N\u00fcrnberg. Auf diese Show freue ich mich besonders und das liegt nicht nur daran, dass das Publikum bisher immer gro\u00dfartig mitgefeiert hat, sondern auch an den G\u00e4sten des &hellip;<\/p>\n<p class=\"read-more\"> <a class=\"more-link\" href=\"https:\/\/rechtschreipunk.de\/?p=3075\"> <span class=\"screen-reader-text\">Once again it is soweit!<\/span> Weiterlesen &raquo;<\/a><\/p>\n","protected":false},"author":1,"featured_media":0,"comment_status":"closed","ping_status":"closed","sticky":false,"template":"","format":"standard","meta":{"footnotes":""},"categories":[1],"tags":[59,52,51,56,57],"class_list":["post-3075","post","type-post","status-publish","format-standard","hentry","category-allgemein","tag-el-magos-tretboot","tag-parkster","tag-peter-parkster","tag-poesie","tag-prosa"],"_links":{"self":[{"href":"https:\/\/rechtschreipunk.de\/index.php?rest_route=\/wp\/v2\/posts\/3075","targetHints":{"allow":["GET"]}}],"collection":[{"href":"https:\/\/rechtschreipunk.de\/index.php?rest_route=\/wp\/v2\/posts"}],"about":[{"href":"https:\/\/rechtschreipunk.de\/index.php?rest_route=\/wp\/v2\/types\/post"}],"author":[{"embeddable":true,"href":"https:\/\/rechtschreipunk.de\/index.php?rest_route=\/wp\/v2\/users\/1"}],"replies":[{"embeddable":true,"href":"https:\/\/rechtschreipunk.de\/index.php?rest_route=%2Fwp%2Fv2%2Fcomments&post=3075"}],"version-history":[{"count":2,"href":"https:\/\/rechtschreipunk.de\/index.php?rest_route=\/wp\/v2\/posts\/3075\/revisions"}],"predecessor-version":[{"id":3077,"href":"https:\/\/rechtschreipunk.de\/index.php?rest_route=\/wp\/v2\/posts\/3075\/revisions\/3077"}],"wp:attachment":[{"href":"https:\/\/rechtschreipunk.de\/index.php?rest_route=%2Fwp%2Fv2%2Fmedia&parent=3075"}],"wp:term":[{"taxonomy":"category","embeddable":true,"href":"https:\/\/rechtschreipunk.de\/index.php?rest_route=%2Fwp%2Fv2%2Fcategories&post=3075"},{"taxonomy":"post_tag","embeddable":true,"href":"https:\/\/rechtschreipunk.de\/index.php?rest_route=%2Fwp%2Fv2%2Ftags&post=3075"}],"curies":[{"name":"wp","href":"https:\/\/api.w.org\/{rel}","templated":true}]}}