{"id":2848,"date":"2019-02-04T14:58:13","date_gmt":"2019-02-04T13:58:13","guid":{"rendered":"https:\/\/parkster.de\/?p=2848"},"modified":"2019-02-22T10:32:17","modified_gmt":"2019-02-22T09:32:17","slug":"news-news-news","status":"publish","type":"post","link":"https:\/\/rechtschreipunk.de\/?p=2848","title":{"rendered":"News + News + News"},"content":{"rendered":"<p><figure id=\"attachment_2969\" aria-describedby=\"caption-attachment-2969\" style=\"width: 300px\" class=\"wp-caption alignleft\"><img loading=\"lazy\" decoding=\"async\" class=\"wp-image-2969 size-medium\" src=\"https:\/\/parkster.de\/wp-content\/uploads\/2019\/02\/news-1746491_640-300x107.jpg\" alt=\"\" width=\"300\" height=\"107\" srcset=\"https:\/\/rechtschreipunk.de\/wp-content\/uploads\/2019\/02\/news-1746491_640-300x107.jpg 300w, https:\/\/rechtschreipunk.de\/wp-content\/uploads\/2019\/02\/news-1746491_640-100x36.jpg 100w, https:\/\/rechtschreipunk.de\/wp-content\/uploads\/2019\/02\/news-1746491_640-150x54.jpg 150w, https:\/\/rechtschreipunk.de\/wp-content\/uploads\/2019\/02\/news-1746491_640-200x72.jpg 200w, https:\/\/rechtschreipunk.de\/wp-content\/uploads\/2019\/02\/news-1746491_640-450x161.jpg 450w, https:\/\/rechtschreipunk.de\/wp-content\/uploads\/2019\/02\/news-1746491_640-600x215.jpg 600w, https:\/\/rechtschreipunk.de\/wp-content\/uploads\/2019\/02\/news-1746491_640.jpg 640w\" sizes=\"auto, (max-width: 300px) 100vw, 300px\" \/><figcaption id=\"caption-attachment-2969\" class=\"wp-caption-text\">Bild: pixabay<\/figcaption><\/figure><br \/>\n<strong>Das neue Jahr ist schon einen Monat alt und ich habe Neuigkeiten was Auftritte betrifft.<\/strong><\/p>\n<p align=\"justify\">Als n\u00e4chste Show steht am kommenden Mittwoch, den 06. Februar, wieder <a href=\"https:\/\/parkster.de\/?page_id=2950\">El Magos Tretboot<\/a> an. Im Line Up sind unter anderem <a href=\"http:\/\/jakob-heymann.de\/\">Jakob Heymann<\/a>, <a href=\"http:\/\/daniel-helfrich.de\/\">Daniel Helfrich<\/a> und <a href=\"https:\/\/www.steierwald.de\/\">Helmuth Steierwald<\/a>. Au\u00dferdem munkelt man, dass der Gastgeber (<a href=\"http:\/\/elmagomasin.de\">El Mago Masin<\/a>) und sein Sidekick (yours truely) wieder ein Liedchen singen. Das k\u00f6nnte sich lohnen. Los geht\u00b4s um 20 Uhr in der neuen Location <a href=\"http:\/\/www.bruderherz-nuernberg.de\/\">Bruderherz<\/a>.<\/p>\n<p align=\"justify\">Die neuen Termine f\u00fcr die <a href=\"http:\/\/facebook.com\/daslesen\">Leseb\u00fchne<\/a> stehen auch fest. Zumindest F\u00fcrth ist schon mal abgedeckt und hier werden wir am <strong>30.04.19<\/strong>, am <strong>17.09.19<\/strong>, am <strong>05.11.19<\/strong> und am <strong>18.02.20<\/strong> f\u00fcr euch die gewohnte Mischung aus Texten, Songs und Schabernack bieten. Wie gewohnt Dienstags um 20 Uhr und wie gewohnt in der <a href=\"http:\/\/www.kofferfabrik.cc\/\">Kofferfabrik<\/a>.<\/p>\n<p align=\"justify\">Und dann ist da noch der <strong>Bayernslam 2019 &#8211; Die bayerischen Meisterschaften<\/strong> im Poetry Slam. Nach meiner Finalteilnahme in M\u00fcnchen in 2017 und meinem Ausscheiden im Halbfinale in 2018, habe ich die gro\u00dfe Ehre und Freude in diesem Jahr f\u00fcr meine neue Wahlheimatstadt Ingolstadt, genauer f\u00fcr den <a href=\"https:\/\/de-de.facebook.com\/Bruellaffen\" target=\"_blank\" rel=\"noopener noreferrer\"><strong>Br\u00fcllaffen Slam<\/strong><\/a>, antreten zu d\u00fcrfen. Das freut mich ziemlich und ich bin f\u00fcr die Nominierung sehr dankbar. Ein Gedicht f\u00fcr den Wettbewerb ist bereits in der Entstehung und ich bin guter Dinge meinen Slam w\u00fcrdig vertreten zu k\u00f6nnen. Das Festival findet in diesem Jahr von <strong>17.-18. Mai in Erlangen<\/strong> statt. Die Vorrunden im E-Werk, das Finale in der Heinrich-Lades-Halle.<\/p>\n","protected":false},"excerpt":{"rendered":"<p>Das neue Jahr ist schon einen Monat alt und ich habe Neuigkeiten was Auftritte betrifft. Als n\u00e4chste Show steht am kommenden Mittwoch, den 06. Februar, wieder El Magos Tretboot an. Im Line Up sind unter anderem Jakob Heymann, Daniel Helfrich &hellip;<\/p>\n<p class=\"read-more\"> <a class=\"more-link\" href=\"https:\/\/rechtschreipunk.de\/?p=2848\"> <span class=\"screen-reader-text\">News + News + News<\/span> Weiterlesen &raquo;<\/a><\/p>\n","protected":false},"author":1,"featured_media":0,"comment_status":"closed","ping_status":"closed","sticky":false,"template":"","format":"standard","meta":{"footnotes":""},"categories":[1],"tags":[55,58,52,51,56,53,57,54],"class_list":["post-2848","post","type-post","status-publish","format-standard","hentry","category-allgemein","tag-literatur","tag-lyrik","tag-parkster","tag-peter-parkster","tag-poesie","tag-poetry-slam","tag-prosa","tag-slam"],"_links":{"self":[{"href":"https:\/\/rechtschreipunk.de\/index.php?rest_route=\/wp\/v2\/posts\/2848","targetHints":{"allow":["GET"]}}],"collection":[{"href":"https:\/\/rechtschreipunk.de\/index.php?rest_route=\/wp\/v2\/posts"}],"about":[{"href":"https:\/\/rechtschreipunk.de\/index.php?rest_route=\/wp\/v2\/types\/post"}],"author":[{"embeddable":true,"href":"https:\/\/rechtschreipunk.de\/index.php?rest_route=\/wp\/v2\/users\/1"}],"replies":[{"embeddable":true,"href":"https:\/\/rechtschreipunk.de\/index.php?rest_route=%2Fwp%2Fv2%2Fcomments&post=2848"}],"version-history":[{"count":8,"href":"https:\/\/rechtschreipunk.de\/index.php?rest_route=\/wp\/v2\/posts\/2848\/revisions"}],"predecessor-version":[{"id":3000,"href":"https:\/\/rechtschreipunk.de\/index.php?rest_route=\/wp\/v2\/posts\/2848\/revisions\/3000"}],"wp:attachment":[{"href":"https:\/\/rechtschreipunk.de\/index.php?rest_route=%2Fwp%2Fv2%2Fmedia&parent=2848"}],"wp:term":[{"taxonomy":"category","embeddable":true,"href":"https:\/\/rechtschreipunk.de\/index.php?rest_route=%2Fwp%2Fv2%2Fcategories&post=2848"},{"taxonomy":"post_tag","embeddable":true,"href":"https:\/\/rechtschreipunk.de\/index.php?rest_route=%2Fwp%2Fv2%2Ftags&post=2848"}],"curies":[{"name":"wp","href":"https:\/\/api.w.org\/{rel}","templated":true}]}}